{"id":400,"count":4,"description":"","link":"https:\/\/halle.se\/kategorier\/fristaende-uterum\/fristaende-uterum-15kvm\/","name":"Frist\u00e5ende Uterum 15kvm","slug":"fristaende-uterum-15kvm","taxonomy":"product_cat","parent":399,"meta":[],"acf":[],"yoast_head":"<!-- This site is optimized with the Yoast SEO plugin v27.5 - https:\/\/yoast.com\/product\/yoast-seo-wordpress\/ -->\n<title>Frist\u00e5ende Uterum 15kvm - Halle<\/title>\n<meta name=\"description\" content=\"Frist\u00e5ende Uterum 15kvm - Halle System AB. Ett frist\u00e5ende uterum placeras i tr\u00e4dg\u00e5rden p\u00e5 l\u00e4mpligaste plats f\u00f6r sol och njutning fr\u00e5n morgon till kv\u00e4ll!\" \/>\n<meta name=\"robots\" content=\"index, follow, max-snippet:-1, max-image-preview:large, max-video-preview:-1\" \/>\n<link rel=\"canonical\" href=\"https:\/\/halle.se\/kategorier\/fristaende-uterum\/fristaende-uterum-15kvm\/\" \/>\n<meta property=\"og:locale\" content=\"sv_SE\" \/>\n<meta property=\"og:type\" content=\"article\" \/>\n<meta property=\"og:title\" content=\"Frist\u00e5ende Uterum 15kvm - Halle\" \/>\n<meta property=\"og:description\" content=\"Frist\u00e5ende Uterum 15kvm - Halle System AB. Ett frist\u00e5ende uterum placeras i tr\u00e4dg\u00e5rden p\u00e5 l\u00e4mpligaste plats f\u00f6r sol och njutning fr\u00e5n morgon till kv\u00e4ll!\" \/>\n<meta property=\"og:url\" content=\"https:\/\/halle.se\/kategorier\/fristaende-uterum\/fristaende-uterum-15kvm\/\" \/>\n<meta property=\"og:site_name\" content=\"Halle\" \/>\n<meta name=\"twitter:card\" content=\"summary_large_image\" \/>\n<script type=\"application\/ld+json\" class=\"yoast-schema-graph\">{\"@context\":\"https:\\\/\\\/schema.org\",\"@graph\":[{\"@type\":\"CollectionPage\",\"@id\":\"https:\\\/\\\/halle.se\\\/kategorier\\\/fristaende-uterum\\\/fristaende-uterum-15kvm\\\/\",\"url\":\"https:\\\/\\\/halle.se\\\/kategorier\\\/fristaende-uterum\\\/fristaende-uterum-15kvm\\\/\",\"name\":\"Frist\u00e5ende Uterum 15kvm - Halle\",\"isPartOf\":{\"@id\":\"https:\\\/\\\/halle.se\\\/#website\"},\"description\":\"Frist\u00e5ende Uterum 15kvm - Halle System AB. Ett frist\u00e5ende uterum placeras i tr\u00e4dg\u00e5rden p\u00e5 l\u00e4mpligaste plats f\u00f6r sol och njutning fr\u00e5n morgon till kv\u00e4ll!\",\"breadcrumb\":{\"@id\":\"https:\\\/\\\/halle.se\\\/kategorier\\\/fristaende-uterum\\\/fristaende-uterum-15kvm\\\/#breadcrumb\"},\"inLanguage\":\"sv-SE\"},{\"@type\":\"BreadcrumbList\",\"@id\":\"https:\\\/\\\/halle.se\\\/kategorier\\\/fristaende-uterum\\\/fristaende-uterum-15kvm\\\/#breadcrumb\",\"itemListElement\":[{\"@type\":\"ListItem\",\"position\":1,\"name\":\"Hem\",\"item\":\"https:\\\/\\\/halle.se\\\/\"},{\"@type\":\"ListItem\",\"position\":2,\"name\":\"Frist\u00e5ende Uterum\",\"item\":\"https:\\\/\\\/halle.se\\\/kategorier\\\/fristaende-uterum\\\/\"},{\"@type\":\"ListItem\",\"position\":3,\"name\":\"Frist\u00e5ende Uterum 15kvm\"}]},{\"@type\":\"WebSite\",\"@id\":\"https:\\\/\\\/halle.se\\\/#website\",\"url\":\"https:\\\/\\\/halle.se\\\/\",\"name\":\"Halle\",\"description\":\"Vi tillverkar uterum &amp; plasttak\",\"potentialAction\":[{\"@type\":\"SearchAction\",\"target\":{\"@type\":\"EntryPoint\",\"urlTemplate\":\"https:\\\/\\\/halle.se\\\/?s={search_term_string}\"},\"query-input\":{\"@type\":\"PropertyValueSpecification\",\"valueRequired\":true,\"valueName\":\"search_term_string\"}}],\"inLanguage\":\"sv-SE\"}]}<\/script>\n<!-- \/ Yoast SEO plugin. -->","yoast_head_json":{"title":"Frist\u00e5ende Uterum 15kvm - Halle","description":"Frist\u00e5ende Uterum 15kvm - Halle System AB. Ett frist\u00e5ende uterum placeras i tr\u00e4dg\u00e5rden p\u00e5 l\u00e4mpligaste plats f\u00f6r sol och njutning fr\u00e5n morgon till kv\u00e4ll!","robots":{"index":"index","follow":"follow","max-snippet":"max-snippet:-1","max-image-preview":"max-image-preview:large","max-video-preview":"max-video-preview:-1"},"canonical":"https:\/\/halle.se\/kategorier\/fristaende-uterum\/fristaende-uterum-15kvm\/","og_locale":"sv_SE","og_type":"article","og_title":"Frist\u00e5ende Uterum 15kvm - Halle","og_description":"Frist\u00e5ende Uterum 15kvm - Halle System AB. Ett frist\u00e5ende uterum placeras i tr\u00e4dg\u00e5rden p\u00e5 l\u00e4mpligaste plats f\u00f6r sol och njutning fr\u00e5n morgon till kv\u00e4ll!","og_url":"https:\/\/halle.se\/kategorier\/fristaende-uterum\/fristaende-uterum-15kvm\/","og_site_name":"Halle","twitter_card":"summary_large_image","schema":{"@context":"https:\/\/schema.org","@graph":[{"@type":"CollectionPage","@id":"https:\/\/halle.se\/kategorier\/fristaende-uterum\/fristaende-uterum-15kvm\/","url":"https:\/\/halle.se\/kategorier\/fristaende-uterum\/fristaende-uterum-15kvm\/","name":"Frist\u00e5ende Uterum 15kvm - Halle","isPartOf":{"@id":"https:\/\/halle.se\/#website"},"description":"Frist\u00e5ende Uterum 15kvm - Halle System AB. Ett frist\u00e5ende uterum placeras i tr\u00e4dg\u00e5rden p\u00e5 l\u00e4mpligaste plats f\u00f6r sol och njutning fr\u00e5n morgon till kv\u00e4ll!","breadcrumb":{"@id":"https:\/\/halle.se\/kategorier\/fristaende-uterum\/fristaende-uterum-15kvm\/#breadcrumb"},"inLanguage":"sv-SE"},{"@type":"BreadcrumbList","@id":"https:\/\/halle.se\/kategorier\/fristaende-uterum\/fristaende-uterum-15kvm\/#breadcrumb","itemListElement":[{"@type":"ListItem","position":1,"name":"Hem","item":"https:\/\/halle.se\/"},{"@type":"ListItem","position":2,"name":"Frist\u00e5ende Uterum","item":"https:\/\/halle.se\/kategorier\/fristaende-uterum\/"},{"@type":"ListItem","position":3,"name":"Frist\u00e5ende Uterum 15kvm"}]},{"@type":"WebSite","@id":"https:\/\/halle.se\/#website","url":"https:\/\/halle.se\/","name":"Halle","description":"Vi tillverkar uterum &amp; plasttak","potentialAction":[{"@type":"SearchAction","target":{"@type":"EntryPoint","urlTemplate":"https:\/\/halle.se\/?s={search_term_string}"},"query-input":{"@type":"PropertyValueSpecification","valueRequired":true,"valueName":"search_term_string"}}],"inLanguage":"sv-SE"}]}},"_links":{"self":[{"href":"https:\/\/halle.se\/api\/wp\/v2\/product_cat\/400","targetHints":{"allow":["GET"]}}],"collection":[{"href":"https:\/\/halle.se\/api\/wp\/v2\/product_cat"}],"about":[{"href":"https:\/\/halle.se\/api\/wp\/v2\/taxonomies\/product_cat"}],"up":[{"embeddable":true,"href":"https:\/\/halle.se\/api\/wp\/v2\/product_cat\/399"}],"wp:post_type":[{"href":"https:\/\/halle.se\/api\/wp\/v2\/product?product_cat=400"}],"curies":[{"name":"wp","href":"https:\/\/api.w.org\/{rel}","templated":true}]}}